{"id":6118,"date":"2022-04-21T06:22:13","date_gmt":"2022-04-21T04:22:13","guid":{"rendered":"https:\/\/gsalden.folkwang-uni.de\/?p=6118"},"modified":"2022-05-17T04:56:17","modified_gmt":"2022-05-17T02:56:17","slug":"portrait-georg-salden","status":"publish","type":"post","link":"https:\/\/gsalden.folkwang-uni.de\/index.php\/2022\/04\/21\/portrait-georg-salden\/","title":{"rendered":"Portrait Georg Salden"},"content":{"rendered":"<p><em>Schreibmeister, Buchstaben-Entwerfer und Schrift-Experte<\/em><\/p>\n\n\n\n<figure class=\"wp-block-audio\"><audio controls src=\"https:\/\/gsalden.folkwang-uni.de\/wp-content\/uploads\/2022\/04\/Portrait-Georg-Salden.mp3\"><\/audio><\/figure>\n\n\n\n<p>Georg Salden ist einer der bedeutendsten, produktivsten und innovativsten deutschen Schriftgestalter des 20. Jahrhunderts. Wie kaum ein anderer hat er sein Leben der Schrift gewidmet.<\/p>\n\n\n\n<blockquote class=\"wp-block-quote is-layout-flow wp-block-quote-is-layout-flow\"><p>\u00bbBuchstaben zu formen ist ein elementarer Drang mancher Menschen, ebenso elementar wie malen oder musizieren und auch uralt.\u00ab <\/p><cite>Georg Salden<\/cite><\/blockquote>\n\n\n\n<p>Hans-Georg Salden, am 28.08.1930 in Essen geboren, begann seine Auseinandersetzung mit Schrift als elfj\u00e4hriger Junge: Er erlernte das Schreiben und Zeichnen von Schrift durch eine Studienmappe seines in die Niederlande emigrierten Onkels. <em>Helmut Salden<\/em>, der in den Niederlanden ein hochgesch\u00e4tzter und bekannter Buchgestalter und \u00bbLetterontwerper\u00ab wurde, war lange Zeit Georg Saldens Mentor und Vorbild. Bereits im Alter von 18 Jahren (vor dem Studium) verstand Georg Salden es, etliche Schriftarten meisterhaft zu schreiben und zu zeichnen. Hier profitierte er (durch die Schriftmappe) von seines Onkels Studium in der Abteilung \u00bbSchrift und Plakat\u00ab bei Prof. Wilhelm Poetter (1929\u20131931) an der <em>Folkwangschule<\/em>.<\/p>\n\n\n\n<p class=\"einzug\">Georg Salden studierte von 1950 bis 1954 Gebrauchsgrafik an der <em>Folkwangschule<\/em><a><em> <\/em><\/a><em>f\u00fcr Gestaltung<\/em> in Essen. Nach den beiden Vorsemestern, in denen Max Burchartz die Grundlagen der Gestaltung vermittelte, studierte Salden insbesondere die F\u00e4cher \u00bbSchrift\u00ab bei <em>Prof. Hans Nienheysen<\/em> und \u00bbGrafik\u00ab bei <em>Wilhelm Buck<\/em>. Zum Ende seines Studiums hatte Georg Salden eine gestalterische und handwerkliche Fertigkeit sowie Bandbreite im Schreiben und Entwerfen von Schrift erreicht, die heute seinesgleichen sucht (Unziale, Halbunziale, S\u00fctterlin etc.).\u00a0<\/p>\n\n\n\n<p class=\"einzug\">Nach seinem Studium machte er sich selbstst\u00e4ndig und arbeitete rund zwei Jahrzehnte im werbegrafischen Bereich, vor allem f\u00fcr Kunden aus der Montanindustrie. Er konzipierte Messest\u00e4nde, entwarf Plakate, Brosch\u00fcren, Bucheinb\u00e4nde, Signets, Schriftz\u00fcge und vieles mehr. Daneben erhielt er zahlreiche Schreib- und Schriftauftr\u00e4ge f\u00fcr Urkunden\u00a0, Gedenkb\u00fccher und \u00e4hnliche Schriftst\u00fccke, die er nicht selten in Zusammenarbeit mit der Essener Buchbinderin <em>Frida Schoy<\/em> erstellte.<\/p>\n\n\n\n<p class=\"einzug\">In den 60er Jahren lehrte er selbst an der <em>Folkwangschule<\/em> im Fach \u00bbSchrift\u00ab und \u00bbSchriftschreiben\u00ab. Dar\u00fcber hinaus gab er lange Jahre f\u00fcr das <em>Jugendamt der Stadt Essen<\/em> Schreib- und Schriftunterricht f\u00fcr Jugendliche und in den 2000er Jahren unterrichtete er an der <em>Bergischen Universit\u00e4t Wuppertal<\/em> das Fach \u00bbSchriftentwurf\u00ab. 1966 nahm er mit dem Schriftentwurf <em>York<\/em> erfolgreich an einem Wettbewerb von <em>VGC<\/em> (Visual Graphics Corp0ration) in New York teil und ver\u00f6ffentlichte kurze Zeit sp\u00e4ter die Schriften <em>York<\/em> und <em>Angular<\/em> bei <em>VGC<\/em>. <em>Herb Lubalin<\/em> gestaltete in diesem Kontext das Schriftplakat\u00a0f\u00fcr die <em>York<\/em>.<\/p>\n\n\n\n<p class=\"einzug\">Ab 1972 konnte er sich ausschlie\u00dflich der Gestaltung von Schriften widmen, denn ein einzigartiges wirtschaftliches Konstrukt, der <em>GST-Kreis<\/em>\u00a0, bot ihm hierf\u00fcr die notwendige finanzielle Sicherheit. Der <em>GST-Kreis<\/em> (<em>GST<\/em> f\u00fcr \u00bbGeorg Salden Types\u00ab) war ein Zusammenschluss von Layoutsetzereien (zun\u00e4chst sechs Firmen in Deutschland, sp\u00e4ter 24 Firmen weltweit), den Georg Salden regelm\u00e4\u00dfig mit exklusiven Schriften belieferte.<\/p>\n\n\n\n<p class=\"einzug\">Zwischen 1972 und 1984 schuf er rund 30 Titelsatzschriften (Staromat), die bedeutendsten und erfolgreichsten Schriftenw\u00fcrfe aus dieser Reihe sind: <em>Polo<\/em>, <em>Basta<\/em>, <em>Brasil<\/em>, <em>Gordon<\/em> und <em>Tap<\/em>.<\/p>\n\n\n\n<p class=\"einzug\">Besonders mit seiner Schrift <em>Polo<\/em>\u00a0, die er erstmals ca. 1960 zeichnete und 1972 ver\u00f6ffentlichte, erwies er sich als ein Pionier seiner Zeit. Mit dieser Grotesk, die an die Prinzipien von Renaissance-Antiqua-Schriften angelehnt ist, schuf Georg Salden einen Meilenstein der Schriftgeschichte. Die <em>GST-Polo<\/em> beeinflusste ganz ma\u00dfgeblich eine Generation von Schriftgestalter*innen und wurde von bedeutenden Publikationen, Unternehmen und Organisationen genutzt.<\/p>\n\n\n\n<p class=\"einzug\">1980 erhielt Georg Salden den Preis der Stiftung Buchkunst f\u00fcr seine Satzschrift <em>Basta<\/em>, dieser Preis wurde einmalig zur F\u00f6rderung hochwertiger Fotosatzschriften vergeben.<\/p>\n\n\n\n<p class=\"einzug\">Aus dem <em>GST-Kreis<\/em> ging die <em>Context GmbH, Gesellschaft f\u00fcr Typografie und Satztechnik<\/em> hervor, die sich die Wahrung und Publikation von typografischen Qualit\u00e4tsstandards zur Aufgabe machte.<\/p>\n\n\n\n<p class=\"einzug\">Georg Salden f\u00fchrte <em>Erik Spiekermann<\/em> in die Context-Gesellschaft ein. <em>Spiekermanns<\/em> erste B\u00fccher wurden durch die <em>Context <\/em>ver\u00f6ffentlicht: <em>Ursache und Wirkung, ein typografischer Roman <\/em>(1982) und <em>Studentenfutter<\/em> (1989).<\/p>\n\n\n\n<p class=\"einzug\">Mit der Digitalisierung der Satztechnik und durch Fehlinvestitionen l\u00f6sten sich die <em>Context GmbH<\/em> und somit auch der <em>GST-Kreis<\/em> Ende der 1990er Jahre auf. Seit 2009 arbeitet Georg Salden mit <em>Ludwig \u00dcbele<\/em> unter dem Namen TypeManufactur zusammen. <em>Ludwig \u00dcbele<\/em> bereitet Georg Saldens bereits ver\u00f6ffentlichte Schriften sorgf\u00e4ltig f\u00fcr moderne Technologien auf, unterst\u00fctzt ihn bei der Produktion noch unver\u00f6ffentlichter Schriften und vermarktet Saldens Schriftbibliothek.<\/p>\n\n\n\n<div style=\"height:100px\" aria-hidden=\"true\" class=\"wp-block-spacer\"><\/div>\n\n\n\n<hr class=\"wp-block-separator\">\n\n\n\n<h5 class=\"wp-block-heading\">Liste der Schriften (nach Erstver\u00f6ffentlichung)<\/h5>\n\n\n\n<p><strong>VGC<\/strong><\/p>\n\n\n\n<ul class=\"wp-block-list\"><li>1966\u00a0\u00a0\u00a0\u00a0\u00a0 York<\/li><li>1973\u00a0\u00a0\u00a0\u00a0\u00a0 Angular<\/li><\/ul>\n\n\n\n<p><strong>Berthold AG<\/strong><\/p>\n\n\n\n<ul class=\"wp-block-list\"><li>1969\u00a0\u00a0\u00a0\u00a0\u00a0 Transit<\/li><li>1970\u00a0\u00a0\u00a0\u00a0\u00a0 Daphne<\/li><\/ul>\n\n\n\n<p><strong>GST-Kreis<\/strong><\/p>\n\n\n\n<ul class=\"wp-block-list\"><li>1972 \u00a0\u00a0\u00a0\u00a0 Aster<\/li><li>1972\u00a0\u00a0\u00a0\u00a0\u00a0 Polo<\/li><li>1972\u00a0\u00a0\u00a0\u00a0\u00a0 Bilbao<\/li><li>1972 \u00a0\u00a0\u00a0\u00a0 Caslon<\/li><li>1972\u00a0\u00a0\u00a0\u00a0\u00a0 Basta<\/li><li>1972\u00a0\u00a0\u00a0\u00a0\u00a0 Stresemann<\/li><li>1972\u00a0\u00a0\u00a0\u00a0\u00a0 Parabella<\/li><li>1972\u00a0\u00a0\u00a0\u00a0\u00a0 M\u00e4ander<\/li><li>1973\u00a0\u00a0\u00a0\u00a0\u00a0 Brasil<\/li><li>1973\u00a0\u00a0\u00a0\u00a0\u00a0 Magnet<\/li><li>1973\u00a0\u00a0\u00a0\u00a0\u00a0 Hansa<\/li><li>1973\u00a0\u00a0\u00a0\u00a0\u00a0 Bonjour<\/li><li>1973\u00a0\u00a0\u00a0\u00a0\u00a0 Tandem<\/li><li>1974\u00a0\u00a0\u00a0\u00a0\u00a0 Gerundete Futuranea<\/li><li>1974\u00a0\u00a0\u00a0\u00a0\u00a0 Congress<\/li><li>1975\u00a0\u00a0\u00a0\u00a0\u00a0 Ready<\/li><li>19XX\u00a0\u00a0\u00a0\u00a0 Salut<\/li><li>1977\u00a0\u00a0\u00a0\u00a0\u00a0 Loreley<\/li><li>1977\u00a0\u00a0\u00a0\u00a0\u00a0 Gordon<\/li><li>1978\u00a0\u00a0\u00a0\u00a0\u00a0 Volante<\/li><li>1979\u00a0\u00a0\u00a0\u00a0\u00a0 Loretta<\/li><li>1979\u00a0\u00a0\u00a0\u00a0\u00a0 Tap<\/li><li>1979\u00a0\u00a0\u00a0\u00a0\u00a0 Sketchy<\/li><li>1979\u00a0\u00a0\u00a0\u00a0\u00a0 Galopp<\/li><li>1981\u00a0\u00a0\u00a0\u00a0\u00a0 Videon<\/li><li>1983\u00a0\u00a0\u00a0\u00a0\u00a0 Deutschkurrent<\/li><li>1983\u00a0\u00a0\u00a0\u00a0\u00a0 Corvey<\/li><li>1983\u00a0\u00a0\u00a0\u00a0\u00a0 Turbo<\/li><li>1984\u00a0\u00a0\u00a0\u00a0\u00a0 Klicker<\/li><li>1987\u00a0\u00a0\u00a0\u00a0\u00a0 Dalli<\/li><li>1987\u00a0\u00a0\u00a0\u00a0\u00a0 Salden<\/li><li>1994\u00a0\u00a0\u00a0\u00a0\u00a0 Axiom<\/li><li>1995\u00a0\u00a0\u00a0\u00a0\u00a0 Carree<\/li><li>1996\u00a0\u00a0\u00a0\u00a0\u00a0 Zitat<\/li><li>1999\u00a0\u00a0\u00a0\u00a0\u00a0 Votum<\/li><\/ul>\n\n\n\n<p><strong>TypeManufactur<\/strong><\/p>\n\n\n\n<ul class=\"wp-block-list\"><li>2002\u00a0\u00a0\u00a0\u00a0\u00a0 Rolls<\/li><li>2002\u00a0\u00a0\u00a0\u00a0\u00a0 Planet<\/li><li>2004\u00a0\u00a0\u00a0\u00a0\u00a0 Faktum<\/li><li>2005\u00a0\u00a0\u00a0\u00a0\u00a0 Essenz<\/li><li>2012\u00a0\u00a0\u00a0\u00a0\u00a0 Trigon<\/li><\/ul>\n\n\n\n<p><strong>Links:<\/strong><\/p>\n\n\n\n<p><a href=\"http:\/\/www.folkwang-uni.de\" target=\"_blank\" rel=\"noreferrer noopener\">www.folkwang-uni.de<\/a><\/p>\n\n\n\n<p><a href=\"http:\/\/www.typemanufactur.com\" target=\"_blank\" rel=\"noreferrer noopener\">www.typemanufactur.com<\/a><\/p>\n\n\n\n<p><a rel=\"noreferrer noopener\" href=\"http:\/\/www.ludwigtype.de\" target=\"_blank\">www.ludwigtype.de<\/a><\/p>\n\n\n\n<div style=\"height:100px\" aria-hidden=\"true\" class=\"wp-block-spacer\"><\/div>\n\n\n\n<hr class=\"wp-block-separator\">\n\n\n\n<p><strong>Quellen:<\/strong><br>Folkwang Archiv; Interviews Georg Salden.<br>Archiv Georg Salden.<br>Stadtarchiv Essen; 203\/229.<\/p>\n\n\n\n<div style=\"height:100px\" aria-hidden=\"true\" class=\"wp-block-spacer\"><\/div>\n\n\n\n<hr class=\"wp-block-separator\">\n\n\n\n<p><strong>Sprecher: <\/strong>Carl Gr\u00fcbel, Fachbereich 3, Schauspiel<br><strong>Text: <\/strong>Natascha Dell, Fachbereich 4, Gestaltung<br><strong>Musik: <\/strong>Til Br\u00fcckner, Fachbereich 2, Musik<\/p>\n\n\n\n<p><a id=\"_msocom_1\"><\/a><\/p>\n","protected":false},"excerpt":{"rendered":"<p>Schreibmeister, Buchstaben-Entwerfer und Schrift-Experte Georg Salden ist einer der bedeutendsten, produktivsten und innovativsten deutschen Schriftgestalter des 20. Jahrhunderts. Wie kaum ein anderer hat er sein Leben der Schrift gewidmet. \u00bbBuchstaben zu formen ist ein elementarer Drang mancher Menschen, ebenso elementar wie malen oder musizieren und auch uralt.\u00ab Georg Salden Hans-Georg Salden, am 28.08.1930 in Essen [&hellip;]<\/p>\n","protected":false},"author":1,"featured_media":5636,"comment_status":"closed","ping_status":"closed","sticky":false,"template":"","format":"standard","meta":{"inline_featured_image":false,"footnotes":""},"categories":[173,156],"tags":[],"class_list":["post-6118","post","type-post","status-publish","format-standard","has-post-thumbnail","hentry","category-archiv","category-podcasts-portraits"],"_links":{"self":[{"href":"https:\/\/gsalden.folkwang-uni.de\/index.php\/wp-json\/wp\/v2\/posts\/6118","targetHints":{"allow":["GET"]}}],"collection":[{"href":"https:\/\/gsalden.folkwang-uni.de\/index.php\/wp-json\/wp\/v2\/posts"}],"about":[{"href":"https:\/\/gsalden.folkwang-uni.de\/index.php\/wp-json\/wp\/v2\/types\/post"}],"author":[{"embeddable":true,"href":"https:\/\/gsalden.folkwang-uni.de\/index.php\/wp-json\/wp\/v2\/users\/1"}],"replies":[{"embeddable":true,"href":"https:\/\/gsalden.folkwang-uni.de\/index.php\/wp-json\/wp\/v2\/comments?post=6118"}],"version-history":[{"count":12,"href":"https:\/\/gsalden.folkwang-uni.de\/index.php\/wp-json\/wp\/v2\/posts\/6118\/revisions"}],"predecessor-version":[{"id":8403,"href":"https:\/\/gsalden.folkwang-uni.de\/index.php\/wp-json\/wp\/v2\/posts\/6118\/revisions\/8403"}],"wp:featuredmedia":[{"embeddable":true,"href":"https:\/\/gsalden.folkwang-uni.de\/index.php\/wp-json\/wp\/v2\/media\/5636"}],"wp:attachment":[{"href":"https:\/\/gsalden.folkwang-uni.de\/index.php\/wp-json\/wp\/v2\/media?parent=6118"}],"wp:term":[{"taxonomy":"category","embeddable":true,"href":"https:\/\/gsalden.folkwang-uni.de\/index.php\/wp-json\/wp\/v2\/categories?post=6118"},{"taxonomy":"post_tag","embeddable":true,"href":"https:\/\/gsalden.folkwang-uni.de\/index.php\/wp-json\/wp\/v2\/tags?post=6118"}],"curies":[{"name":"wp","href":"https:\/\/api.w.org\/{rel}","templated":true}]}}